{"id":8302,"date":"2025-03-16T19:08:25","date_gmt":"2025-03-16T18:08:25","guid":{"rendered":"https:\/\/www.repair-cafe.ch\/?post_type=news&#038;p=8302"},"modified":"2026-03-01T18:01:33","modified_gmt":"2026-03-01T17:01:33","slug":"naechste-daten","status":"publish","type":"news","link":"https:\/\/www.repair-cafe.ch\/fr\/news\/naechste-daten\/","title":{"rendered":"N\u00e4chste Daten"},"content":{"rendered":"<p>02.05.26 Repair Caf\u00e9 mit Flohmarkt und Tag der Sonne Wittnau<\/p>\n<p>17.10.26 Repair Caf\u00e9 im Mehrzweckgeb\u00e4ude Wittnau<\/p>\n","protected":false},"template":"","class_list":["post-8302","news","type-news","status-publish","hentry"],"acf":[],"yoast_head":"<!-- This site is optimized with the Yoast SEO plugin v27.3 - https:\/\/yoast.com\/product\/yoast-seo-wordpress\/ -->\n<title>N\u00e4chste Daten - Repair Caf\u00e9<\/title>\n<meta name=\"robots\" content=\"index, follow, max-snippet:-1, max-image-preview:large, max-video-preview:-1\" \/>\n<link rel=\"canonical\" href=\"https:\/\/www.repair-cafe.ch\/fr\/news\/naechste-daten\/\" \/>\n<meta property=\"og:locale\" content=\"fr_FR\" \/>\n<meta property=\"og:type\" content=\"article\" \/>\n<meta property=\"og:title\" content=\"N\u00e4chste Daten - Repair Caf\u00e9\" \/>\n<meta property=\"og:description\" content=\"02.05.26 Repair Caf\u00e9 mit Flohmarkt und Tag der Sonne Wittnau 17.10.26 Repair Caf\u00e9 im Mehrzweckgeb\u00e4ude Wittnau\" \/>\n<meta property=\"og:url\" content=\"https:\/\/www.repair-cafe.ch\/fr\/news\/naechste-daten\/\" \/>\n<meta property=\"og:site_name\" content=\"Repair Caf\u00e9\" \/>\n<meta property=\"article:modified_time\" content=\"2026-03-01T17:01:33+00:00\" \/>\n<meta name=\"twitter:card\" content=\"summary_large_image\" \/>\n<meta name=\"twitter:label1\" content=\"Dur\u00e9e de lecture estim\u00e9e\" \/>\n\t<meta name=\"twitter:data1\" content=\"1 minute\" \/>\n<script type=\"application\/ld+json\" class=\"yoast-schema-graph\">{\"@context\":\"https:\\\/\\\/schema.org\",\"@graph\":[{\"@type\":\"WebPage\",\"@id\":\"https:\\\/\\\/www.repair-cafe.ch\\\/fr\\\/news\\\/naechste-daten\\\/\",\"url\":\"https:\\\/\\\/www.repair-cafe.ch\\\/fr\\\/news\\\/naechste-daten\\\/\",\"name\":\"N\u00e4chste Daten - Repair Caf\u00e9\",\"isPartOf\":{\"@id\":\"https:\\\/\\\/www.repair-cafe.ch\\\/fr\\\/#website\"},\"datePublished\":\"2025-03-16T18:08:25+00:00\",\"dateModified\":\"2026-03-01T17:01:33+00:00\",\"breadcrumb\":{\"@id\":\"https:\\\/\\\/www.repair-cafe.ch\\\/fr\\\/news\\\/naechste-daten\\\/#breadcrumb\"},\"inLanguage\":\"fr-FR\",\"potentialAction\":[{\"@type\":\"ReadAction\",\"target\":[\"https:\\\/\\\/www.repair-cafe.ch\\\/fr\\\/news\\\/naechste-daten\\\/\"]}]},{\"@type\":\"BreadcrumbList\",\"@id\":\"https:\\\/\\\/www.repair-cafe.ch\\\/fr\\\/news\\\/naechste-daten\\\/#breadcrumb\",\"itemListElement\":[{\"@type\":\"ListItem\",\"position\":1,\"name\":\"Startseite\",\"item\":\"https:\\\/\\\/www.repair-cafe.ch\\\/fr\\\/\"},{\"@type\":\"ListItem\",\"position\":2,\"name\":\"N\u00e4chste Daten\"}]},{\"@type\":\"WebSite\",\"@id\":\"https:\\\/\\\/www.repair-cafe.ch\\\/fr\\\/#website\",\"url\":\"https:\\\/\\\/www.repair-cafe.ch\\\/fr\\\/\",\"name\":\"Repair Caf\u00e9\",\"description\":\"\",\"potentialAction\":[{\"@type\":\"SearchAction\",\"target\":{\"@type\":\"EntryPoint\",\"urlTemplate\":\"https:\\\/\\\/www.repair-cafe.ch\\\/fr\\\/?s={search_term_string}\"},\"query-input\":{\"@type\":\"PropertyValueSpecification\",\"valueRequired\":true,\"valueName\":\"search_term_string\"}}],\"inLanguage\":\"fr-FR\"}]}<\/script>\n<!-- \/ Yoast SEO plugin. -->","yoast_head_json":{"title":"N\u00e4chste Daten - Repair Caf\u00e9","robots":{"index":"index","follow":"follow","max-snippet":"max-snippet:-1","max-image-preview":"max-image-preview:large","max-video-preview":"max-video-preview:-1"},"canonical":"https:\/\/www.repair-cafe.ch\/fr\/news\/naechste-daten\/","og_locale":"fr_FR","og_type":"article","og_title":"N\u00e4chste Daten - Repair Caf\u00e9","og_description":"02.05.26 Repair Caf\u00e9 mit Flohmarkt und Tag der Sonne Wittnau 17.10.26 Repair Caf\u00e9 im Mehrzweckgeb\u00e4ude Wittnau","og_url":"https:\/\/www.repair-cafe.ch\/fr\/news\/naechste-daten\/","og_site_name":"Repair Caf\u00e9","article_modified_time":"2026-03-01T17:01:33+00:00","twitter_card":"summary_large_image","twitter_misc":{"Dur\u00e9e de lecture estim\u00e9e":"1 minute"},"schema":{"@context":"https:\/\/schema.org","@graph":[{"@type":"WebPage","@id":"https:\/\/www.repair-cafe.ch\/fr\/news\/naechste-daten\/","url":"https:\/\/www.repair-cafe.ch\/fr\/news\/naechste-daten\/","name":"N\u00e4chste Daten - Repair Caf\u00e9","isPartOf":{"@id":"https:\/\/www.repair-cafe.ch\/fr\/#website"},"datePublished":"2025-03-16T18:08:25+00:00","dateModified":"2026-03-01T17:01:33+00:00","breadcrumb":{"@id":"https:\/\/www.repair-cafe.ch\/fr\/news\/naechste-daten\/#breadcrumb"},"inLanguage":"fr-FR","potentialAction":[{"@type":"ReadAction","target":["https:\/\/www.repair-cafe.ch\/fr\/news\/naechste-daten\/"]}]},{"@type":"BreadcrumbList","@id":"https:\/\/www.repair-cafe.ch\/fr\/news\/naechste-daten\/#breadcrumb","itemListElement":[{"@type":"ListItem","position":1,"name":"Startseite","item":"https:\/\/www.repair-cafe.ch\/fr\/"},{"@type":"ListItem","position":2,"name":"N\u00e4chste Daten"}]},{"@type":"WebSite","@id":"https:\/\/www.repair-cafe.ch\/fr\/#website","url":"https:\/\/www.repair-cafe.ch\/fr\/","name":"Repair Caf\u00e9","description":"","potentialAction":[{"@type":"SearchAction","target":{"@type":"EntryPoint","urlTemplate":"https:\/\/www.repair-cafe.ch\/fr\/?s={search_term_string}"},"query-input":{"@type":"PropertyValueSpecification","valueRequired":true,"valueName":"search_term_string"}}],"inLanguage":"fr-FR"}]}},"_links":{"self":[{"href":"https:\/\/www.repair-cafe.ch\/fr\/wp-json\/wp\/v2\/news\/8302","targetHints":{"allow":["GET"]}}],"collection":[{"href":"https:\/\/www.repair-cafe.ch\/fr\/wp-json\/wp\/v2\/news"}],"about":[{"href":"https:\/\/www.repair-cafe.ch\/fr\/wp-json\/wp\/v2\/types\/news"}],"wp:attachment":[{"href":"https:\/\/www.repair-cafe.ch\/fr\/wp-json\/wp\/v2\/media?parent=8302"}],"curies":[{"name":"wp","href":"https:\/\/api.w.org\/{rel}","templated":true}]}}